{"id":3934,"date":"2019-05-21T14:07:02","date_gmt":"2019-05-21T14:07:02","guid":{"rendered":"https:\/\/beberapid.com\/?p=3506"},"modified":"2019-05-21T14:07:02","modified_gmt":"2019-05-21T14:07:02","slug":"pablo-alboran-wizinkcenter-mayo","status":"publish","type":"post","link":"https:\/\/beberapid.com\/en\/pablo-alboran-wizinkcenter-mayo\/","title":{"rendered":"Pablo Albor\u00e1n y su gira &#8216;Prometo&#8217; llegan al WiZink Center"},"content":{"rendered":"<p>Pablo Albor\u00e1n estar\u00e1 ma\u00f1ana en el WiZink Center a las 21:30 para poner el broche a la gira de su \u00faltimo disco &#8216;Prometo&#8217;. Tras el largo descanso que se hab\u00eda tomado el artista, ya con las pilas cargadas y las energ\u00edas renovadas, el nuevo disco de Albor\u00e1n refleja su crecimiento profesional y personal y una gran carga sentimental. Seg\u00fan el propio malague\u00f1o este es su \u00e1lbum m\u00e1s sincero e \u00edntimo.<\/p>\n<p>&#8216;No sab\u00e9is las ganas que tengo de veros de nuevo y ense\u00f1aros lo que estoy componiendo. Gracias por vuestro apoyo incondicional&#8217;, proclamaba el cantautor en su Twitter en 2016. El tiempo de espera ha merecido la pena. Nuevos recursos y estilos musicales, pero sin abandonar la esencia de Pablo Albor\u00e1n y su tema por excelencia, el amor. Adem\u00e1s, su cuarto \u00e1lbum de estudio cuenta con colaboraciones como Alejandro Sanz en el tema &#8216;Boca de hule&#8217; y Carminho en &#8216;Al para\u00edso&#8217;.<\/p>\n<p>El artista ya ha conquistado al p\u00fablico en Espa\u00f1a, M\u00e9xico e incluso Estados Unidos y Reino Unido y el 22 de mayo volver\u00e1 a hacerlo con un espect\u00e1culo sin precedentes. El m\u00fasico se sienta al piano y al caj\u00f3n flamenco para crear un ambiente inigualable durante las dos horas que duran las actuaciones. Una muestra explosiva de efectos especiales, una iluminaci\u00f3n exquisita y el aliento m\u00e1s sincero del p\u00fablico se han mantenido constantes a lo largo del tour y todo apunta a que lo har\u00e1n ma\u00f1ana para una de sus \u00faltimas actuaciones.<\/p>\n<p>Las <a href=\"http:\/\/bit.ly\/2WiyRh4\">\u00faltimas entradas<\/a> est\u00e1n volando, no pierdas ni un minuto y hazte con las tuyas para vivir una experiencia que te marcar\u00e1. Como siempre, <a href=\"https:\/\/beberapid.com\/\">Beberapid<\/a> estar\u00e1 all\u00ed, para refrescarte cuando m\u00e1s lo necesites. En tu momento, en tu lugar.<\/p>\n","protected":false},"excerpt":{"rendered":"<p>Pablo Albor\u00e1n estar\u00e1 ma\u00f1ana en el WiZink Center a las 21:30 para poner el broche a la gira de su \u00faltimo disco &#8216;Prometo&#8217;. Tras el largo descanso que se hab\u00eda tomado el artista, ya con las pilas cargadas y las energ\u00edas renovadas, el nuevo disco de Albor\u00e1n refleja su crecimiento profesional y personal y una [&hellip;]<\/p>\n","protected":false},"author":4,"featured_media":3935,"comment_status":"open","ping_status":"open","sticky":false,"template":"","format":"standard","meta":{"_acf_changed":false,"footnotes":""},"categories":[52],"tags":[],"class_list":["post-3934","post","type-post","status-publish","format-standard","has-post-thumbnail","hentry","category-sin-categoria"],"acf":[],"yoast_head":"<!-- This site is optimized with the Yoast SEO plugin v23.4 - https:\/\/yoast.com\/wordpress\/plugins\/seo\/ -->\n<title>Pablo Albor\u00e1n y su gira &#039;Prometo&#039; llegan al WiZink Center - BEBERAPID<\/title>\n<meta name=\"description\" content=\"Pablo Albor\u00e1n estar\u00e1 ma\u00f1ana en el WiZink Center a las 21:30 para poner el broche a la gira de su \u00faltimo disco &#039;Prometo&#039;, su \u00e1lbum m\u00e1s sincero e \u00edntimo.\" \/>\n<meta name=\"robots\" content=\"index, follow, max-snippet:-1, max-image-preview:large, max-video-preview:-1\" \/>\n<link rel=\"canonical\" href=\"https:\/\/beberapid.com\/en\/pablo-alboran-wizinkcenter-mayo\/\" \/>\n<meta property=\"og:locale\" content=\"en_US\" \/>\n<meta property=\"og:type\" content=\"article\" \/>\n<meta property=\"og:title\" content=\"Pablo Albor\u00e1n y su gira &#039;Prometo&#039; llegan al WiZink Center - BEBERAPID\" \/>\n<meta property=\"og:description\" content=\"Pablo Albor\u00e1n estar\u00e1 ma\u00f1ana en el WiZink Center a las 21:30 para poner el broche a la gira de su \u00faltimo disco &#039;Prometo&#039;, su \u00e1lbum m\u00e1s sincero e \u00edntimo.\" \/>\n<meta property=\"og:url\" content=\"https:\/\/beberapid.com\/en\/pablo-alboran-wizinkcenter-mayo\/\" \/>\n<meta property=\"og:site_name\" content=\"BEBERAPID\" \/>\n<meta property=\"article:publisher\" content=\"https:\/\/www.facebook.com\/beberapid\/?ref=hl\" \/>\n<meta property=\"article:published_time\" content=\"2019-05-21T14:07:02+00:00\" \/>\n<meta property=\"og:image\" content=\"https:\/\/beberapid.com\/wp-content\/uploads\/2019\/05\/Pablo-Albor\u00e1n-apaisado_Mesa-de-trabajo-1-copia-4.jpg\" \/>\n\t<meta property=\"og:image:width\" content=\"1201\" \/>\n\t<meta property=\"og:image:height\" content=\"629\" \/>\n\t<meta property=\"og:image:type\" content=\"image\/jpeg\" \/>\n<meta name=\"author\" content=\"administrador\" \/>\n<meta name=\"twitter:card\" content=\"summary_large_image\" \/>\n<meta name=\"twitter:creator\" content=\"@Beberapid\" \/>\n<meta name=\"twitter:site\" content=\"@Beberapid\" \/>\n<meta name=\"twitter:label1\" content=\"Written by\" \/>\n\t<meta name=\"twitter:data1\" content=\"administrador\" \/>\n\t<meta name=\"twitter:label2\" content=\"Est. reading time\" \/>\n\t<meta name=\"twitter:data2\" content=\"2 minutes\" \/>\n<script type=\"application\/ld+json\" class=\"yoast-schema-graph\">{\"@context\":\"https:\/\/schema.org\",\"@graph\":[{\"@type\":\"Article\",\"@id\":\"https:\/\/beberapid.com\/en\/pablo-alboran-wizinkcenter-mayo\/#article\",\"isPartOf\":{\"@id\":\"https:\/\/beberapid.com\/en\/pablo-alboran-wizinkcenter-mayo\/\"},\"author\":{\"name\":\"administrador\",\"@id\":\"http:\/\/beberapid.com\/en\/#\/schema\/person\/a1e1277d2ccde0e8085c5f168d15d416\"},\"headline\":\"Pablo Albor\u00e1n y su gira &#8216;Prometo&#8217; llegan al WiZink Center\",\"datePublished\":\"2019-05-21T14:07:02+00:00\",\"dateModified\":\"2019-05-21T14:07:02+00:00\",\"mainEntityOfPage\":{\"@id\":\"https:\/\/beberapid.com\/en\/pablo-alboran-wizinkcenter-mayo\/\"},\"wordCount\":315,\"commentCount\":0,\"publisher\":{\"@id\":\"http:\/\/beberapid.com\/en\/#organization\"},\"image\":{\"@id\":\"https:\/\/beberapid.com\/en\/pablo-alboran-wizinkcenter-mayo\/#primaryimage\"},\"thumbnailUrl\":\"https:\/\/beberapid.com\/wp-content\/uploads\/2019\/05\/Pablo-Albor\u00e1n-apaisado_Mesa-de-trabajo-1-copia-4.jpg\",\"articleSection\":[\"Sin categor\u00eda\"],\"inLanguage\":\"en-US\",\"potentialAction\":[{\"@type\":\"CommentAction\",\"name\":\"Comment\",\"target\":[\"https:\/\/beberapid.com\/en\/pablo-alboran-wizinkcenter-mayo\/#respond\"]}]},{\"@type\":\"WebPage\",\"@id\":\"https:\/\/beberapid.com\/en\/pablo-alboran-wizinkcenter-mayo\/\",\"url\":\"https:\/\/beberapid.com\/en\/pablo-alboran-wizinkcenter-mayo\/\",\"name\":\"Pablo Albor\u00e1n y su gira 'Prometo' llegan al WiZink Center - BEBERAPID\",\"isPartOf\":{\"@id\":\"http:\/\/beberapid.com\/en\/#website\"},\"primaryImageOfPage\":{\"@id\":\"https:\/\/beberapid.com\/en\/pablo-alboran-wizinkcenter-mayo\/#primaryimage\"},\"image\":{\"@id\":\"https:\/\/beberapid.com\/en\/pablo-alboran-wizinkcenter-mayo\/#primaryimage\"},\"thumbnailUrl\":\"https:\/\/beberapid.com\/wp-content\/uploads\/2019\/05\/Pablo-Albor\u00e1n-apaisado_Mesa-de-trabajo-1-copia-4.jpg\",\"datePublished\":\"2019-05-21T14:07:02+00:00\",\"dateModified\":\"2019-05-21T14:07:02+00:00\",\"description\":\"Pablo Albor\u00e1n estar\u00e1 ma\u00f1ana en el WiZink Center a las 21:30 para poner el broche a la gira de su \u00faltimo disco 'Prometo', su \u00e1lbum m\u00e1s sincero e \u00edntimo.\",\"breadcrumb\":{\"@id\":\"https:\/\/beberapid.com\/en\/pablo-alboran-wizinkcenter-mayo\/#breadcrumb\"},\"inLanguage\":\"en-US\",\"potentialAction\":[{\"@type\":\"ReadAction\",\"target\":[\"https:\/\/beberapid.com\/en\/pablo-alboran-wizinkcenter-mayo\/\"]}]},{\"@type\":\"ImageObject\",\"inLanguage\":\"en-US\",\"@id\":\"https:\/\/beberapid.com\/en\/pablo-alboran-wizinkcenter-mayo\/#primaryimage\",\"url\":\"https:\/\/beberapid.com\/wp-content\/uploads\/2019\/05\/Pablo-Albor\u00e1n-apaisado_Mesa-de-trabajo-1-copia-4.jpg\",\"contentUrl\":\"https:\/\/beberapid.com\/wp-content\/uploads\/2019\/05\/Pablo-Albor\u00e1n-apaisado_Mesa-de-trabajo-1-copia-4.jpg\",\"width\":1201,\"height\":629},{\"@type\":\"BreadcrumbList\",\"@id\":\"https:\/\/beberapid.com\/en\/pablo-alboran-wizinkcenter-mayo\/#breadcrumb\",\"itemListElement\":[{\"@type\":\"ListItem\",\"position\":1,\"name\":\"Portada\",\"item\":\"https:\/\/beberapid.com\/en\/\"},{\"@type\":\"ListItem\",\"position\":2,\"name\":\"Pablo Albor\u00e1n y su gira &#8216;Prometo&#8217; llegan al WiZink Center\"}]},{\"@type\":\"WebSite\",\"@id\":\"http:\/\/beberapid.com\/en\/#website\",\"url\":\"http:\/\/beberapid.com\/en\/\",\"name\":\"BEBERAPID\",\"description\":\"EN TU MOMENTO, EN TU LUGAR\",\"publisher\":{\"@id\":\"http:\/\/beberapid.com\/en\/#organization\"},\"potentialAction\":[{\"@type\":\"SearchAction\",\"target\":{\"@type\":\"EntryPoint\",\"urlTemplate\":\"http:\/\/beberapid.com\/en\/?s={search_term_string}\"},\"query-input\":{\"@type\":\"PropertyValueSpecification\",\"valueRequired\":true,\"valueName\":\"search_term_string\"}}],\"inLanguage\":\"en-US\"},{\"@type\":\"Organization\",\"@id\":\"http:\/\/beberapid.com\/en\/#organization\",\"name\":\"BEBERAPID\",\"url\":\"http:\/\/beberapid.com\/en\/\",\"logo\":{\"@type\":\"ImageObject\",\"inLanguage\":\"en-US\",\"@id\":\"http:\/\/beberapid.com\/en\/#\/schema\/logo\/image\/\",\"url\":\"http:\/\/beberapid.com\/wp-content\/uploads\/2024\/08\/Beberapid-Iso-.jpg\",\"contentUrl\":\"http:\/\/beberapid.com\/wp-content\/uploads\/2024\/08\/Beberapid-Iso-.jpg\",\"width\":675,\"height\":675,\"caption\":\"BEBERAPID\"},\"image\":{\"@id\":\"http:\/\/beberapid.com\/en\/#\/schema\/logo\/image\/\"},\"sameAs\":[\"https:\/\/www.facebook.com\/beberapid\/?ref=hl\",\"https:\/\/x.com\/Beberapid\",\"https:\/\/www.youtube.com\/user\/BEBERAPIDSYSTEMS\",\"https:\/\/www.instagram.com\/beberapid\/\"]},{\"@type\":\"Person\",\"@id\":\"http:\/\/beberapid.com\/en\/#\/schema\/person\/a1e1277d2ccde0e8085c5f168d15d416\",\"name\":\"administrador\",\"image\":{\"@type\":\"ImageObject\",\"inLanguage\":\"en-US\",\"@id\":\"http:\/\/beberapid.com\/en\/#\/schema\/person\/image\/\",\"url\":\"https:\/\/secure.gravatar.com\/avatar\/3a8098b1264fabf95d289a0ac99c25d22ee31fe664f9ea20295377fb7d4f1b62?s=96&d=mm&r=g\",\"contentUrl\":\"https:\/\/secure.gravatar.com\/avatar\/3a8098b1264fabf95d289a0ac99c25d22ee31fe664f9ea20295377fb7d4f1b62?s=96&d=mm&r=g\",\"caption\":\"administrador\"},\"url\":\"https:\/\/beberapid.com\/en\/author\/administrador\/\"}]}<\/script>\n<!-- \/ Yoast SEO plugin. -->","yoast_head_json":{"title":"Pablo Albor\u00e1n y su gira 'Prometo' llegan al WiZink Center - BEBERAPID","description":"Pablo Albor\u00e1n estar\u00e1 ma\u00f1ana en el WiZink Center a las 21:30 para poner el broche a la gira de su \u00faltimo disco 'Prometo', su \u00e1lbum m\u00e1s sincero e \u00edntimo.","robots":{"index":"index","follow":"follow","max-snippet":"max-snippet:-1","max-image-preview":"max-image-preview:large","max-video-preview":"max-video-preview:-1"},"canonical":"https:\/\/beberapid.com\/en\/pablo-alboran-wizinkcenter-mayo\/","og_locale":"en_US","og_type":"article","og_title":"Pablo Albor\u00e1n y su gira 'Prometo' llegan al WiZink Center - BEBERAPID","og_description":"Pablo Albor\u00e1n estar\u00e1 ma\u00f1ana en el WiZink Center a las 21:30 para poner el broche a la gira de su \u00faltimo disco 'Prometo', su \u00e1lbum m\u00e1s sincero e \u00edntimo.","og_url":"https:\/\/beberapid.com\/en\/pablo-alboran-wizinkcenter-mayo\/","og_site_name":"BEBERAPID","article_publisher":"https:\/\/www.facebook.com\/beberapid\/?ref=hl","article_published_time":"2019-05-21T14:07:02+00:00","og_image":[{"width":1201,"height":629,"url":"https:\/\/beberapid.com\/wp-content\/uploads\/2019\/05\/Pablo-Albor\u00e1n-apaisado_Mesa-de-trabajo-1-copia-4.jpg","type":"image\/jpeg"}],"author":"administrador","twitter_card":"summary_large_image","twitter_creator":"@Beberapid","twitter_site":"@Beberapid","twitter_misc":{"Written by":"administrador","Est. reading time":"2 minutes"},"schema":{"@context":"https:\/\/schema.org","@graph":[{"@type":"Article","@id":"https:\/\/beberapid.com\/en\/pablo-alboran-wizinkcenter-mayo\/#article","isPartOf":{"@id":"https:\/\/beberapid.com\/en\/pablo-alboran-wizinkcenter-mayo\/"},"author":{"name":"administrador","@id":"http:\/\/beberapid.com\/en\/#\/schema\/person\/a1e1277d2ccde0e8085c5f168d15d416"},"headline":"Pablo Albor\u00e1n y su gira &#8216;Prometo&#8217; llegan al WiZink Center","datePublished":"2019-05-21T14:07:02+00:00","dateModified":"2019-05-21T14:07:02+00:00","mainEntityOfPage":{"@id":"https:\/\/beberapid.com\/en\/pablo-alboran-wizinkcenter-mayo\/"},"wordCount":315,"commentCount":0,"publisher":{"@id":"http:\/\/beberapid.com\/en\/#organization"},"image":{"@id":"https:\/\/beberapid.com\/en\/pablo-alboran-wizinkcenter-mayo\/#primaryimage"},"thumbnailUrl":"https:\/\/beberapid.com\/wp-content\/uploads\/2019\/05\/Pablo-Albor\u00e1n-apaisado_Mesa-de-trabajo-1-copia-4.jpg","articleSection":["Sin categor\u00eda"],"inLanguage":"en-US","potentialAction":[{"@type":"CommentAction","name":"Comment","target":["https:\/\/beberapid.com\/en\/pablo-alboran-wizinkcenter-mayo\/#respond"]}]},{"@type":"WebPage","@id":"https:\/\/beberapid.com\/en\/pablo-alboran-wizinkcenter-mayo\/","url":"https:\/\/beberapid.com\/en\/pablo-alboran-wizinkcenter-mayo\/","name":"Pablo Albor\u00e1n y su gira 'Prometo' llegan al WiZink Center - BEBERAPID","isPartOf":{"@id":"http:\/\/beberapid.com\/en\/#website"},"primaryImageOfPage":{"@id":"https:\/\/beberapid.com\/en\/pablo-alboran-wizinkcenter-mayo\/#primaryimage"},"image":{"@id":"https:\/\/beberapid.com\/en\/pablo-alboran-wizinkcenter-mayo\/#primaryimage"},"thumbnailUrl":"https:\/\/beberapid.com\/wp-content\/uploads\/2019\/05\/Pablo-Albor\u00e1n-apaisado_Mesa-de-trabajo-1-copia-4.jpg","datePublished":"2019-05-21T14:07:02+00:00","dateModified":"2019-05-21T14:07:02+00:00","description":"Pablo Albor\u00e1n estar\u00e1 ma\u00f1ana en el WiZink Center a las 21:30 para poner el broche a la gira de su \u00faltimo disco 'Prometo', su \u00e1lbum m\u00e1s sincero e \u00edntimo.","breadcrumb":{"@id":"https:\/\/beberapid.com\/en\/pablo-alboran-wizinkcenter-mayo\/#breadcrumb"},"inLanguage":"en-US","potentialAction":[{"@type":"ReadAction","target":["https:\/\/beberapid.com\/en\/pablo-alboran-wizinkcenter-mayo\/"]}]},{"@type":"ImageObject","inLanguage":"en-US","@id":"https:\/\/beberapid.com\/en\/pablo-alboran-wizinkcenter-mayo\/#primaryimage","url":"https:\/\/beberapid.com\/wp-content\/uploads\/2019\/05\/Pablo-Albor\u00e1n-apaisado_Mesa-de-trabajo-1-copia-4.jpg","contentUrl":"https:\/\/beberapid.com\/wp-content\/uploads\/2019\/05\/Pablo-Albor\u00e1n-apaisado_Mesa-de-trabajo-1-copia-4.jpg","width":1201,"height":629},{"@type":"BreadcrumbList","@id":"https:\/\/beberapid.com\/en\/pablo-alboran-wizinkcenter-mayo\/#breadcrumb","itemListElement":[{"@type":"ListItem","position":1,"name":"Portada","item":"https:\/\/beberapid.com\/en\/"},{"@type":"ListItem","position":2,"name":"Pablo Albor\u00e1n y su gira &#8216;Prometo&#8217; llegan al WiZink Center"}]},{"@type":"WebSite","@id":"http:\/\/beberapid.com\/en\/#website","url":"http:\/\/beberapid.com\/en\/","name":"BEBERAPID","description":"EN TU MOMENTO, EN TU LUGAR","publisher":{"@id":"http:\/\/beberapid.com\/en\/#organization"},"potentialAction":[{"@type":"SearchAction","target":{"@type":"EntryPoint","urlTemplate":"http:\/\/beberapid.com\/en\/?s={search_term_string}"},"query-input":{"@type":"PropertyValueSpecification","valueRequired":true,"valueName":"search_term_string"}}],"inLanguage":"en-US"},{"@type":"Organization","@id":"http:\/\/beberapid.com\/en\/#organization","name":"BEBERAPID","url":"http:\/\/beberapid.com\/en\/","logo":{"@type":"ImageObject","inLanguage":"en-US","@id":"http:\/\/beberapid.com\/en\/#\/schema\/logo\/image\/","url":"http:\/\/beberapid.com\/wp-content\/uploads\/2024\/08\/Beberapid-Iso-.jpg","contentUrl":"http:\/\/beberapid.com\/wp-content\/uploads\/2024\/08\/Beberapid-Iso-.jpg","width":675,"height":675,"caption":"BEBERAPID"},"image":{"@id":"http:\/\/beberapid.com\/en\/#\/schema\/logo\/image\/"},"sameAs":["https:\/\/www.facebook.com\/beberapid\/?ref=hl","https:\/\/x.com\/Beberapid","https:\/\/www.youtube.com\/user\/BEBERAPIDSYSTEMS","https:\/\/www.instagram.com\/beberapid\/"]},{"@type":"Person","@id":"http:\/\/beberapid.com\/en\/#\/schema\/person\/a1e1277d2ccde0e8085c5f168d15d416","name":"administrador","image":{"@type":"ImageObject","inLanguage":"en-US","@id":"http:\/\/beberapid.com\/en\/#\/schema\/person\/image\/","url":"https:\/\/secure.gravatar.com\/avatar\/3a8098b1264fabf95d289a0ac99c25d22ee31fe664f9ea20295377fb7d4f1b62?s=96&d=mm&r=g","contentUrl":"https:\/\/secure.gravatar.com\/avatar\/3a8098b1264fabf95d289a0ac99c25d22ee31fe664f9ea20295377fb7d4f1b62?s=96&d=mm&r=g","caption":"administrador"},"url":"https:\/\/beberapid.com\/en\/author\/administrador\/"}]}},"_links":{"self":[{"href":"https:\/\/beberapid.com\/en\/wp-json\/wp\/v2\/posts\/3934","targetHints":{"allow":["GET"]}}],"collection":[{"href":"https:\/\/beberapid.com\/en\/wp-json\/wp\/v2\/posts"}],"about":[{"href":"https:\/\/beberapid.com\/en\/wp-json\/wp\/v2\/types\/post"}],"author":[{"embeddable":true,"href":"https:\/\/beberapid.com\/en\/wp-json\/wp\/v2\/users\/4"}],"replies":[{"embeddable":true,"href":"https:\/\/beberapid.com\/en\/wp-json\/wp\/v2\/comments?post=3934"}],"version-history":[{"count":0,"href":"https:\/\/beberapid.com\/en\/wp-json\/wp\/v2\/posts\/3934\/revisions"}],"wp:featuredmedia":[{"embeddable":true,"href":"https:\/\/beberapid.com\/en\/wp-json\/wp\/v2\/media\/3935"}],"wp:attachment":[{"href":"https:\/\/beberapid.com\/en\/wp-json\/wp\/v2\/media?parent=3934"}],"wp:term":[{"taxonomy":"category","embeddable":true,"href":"https:\/\/beberapid.com\/en\/wp-json\/wp\/v2\/categories?post=3934"},{"taxonomy":"post_tag","embeddable":true,"href":"https:\/\/beberapid.com\/en\/wp-json\/wp\/v2\/tags?post=3934"}],"curies":[{"name":"wp","href":"https:\/\/api.w.org\/{rel}","templated":true}]}}