{"id":3950,"date":"2018-12-26T16:55:51","date_gmt":"2018-12-26T16:55:51","guid":{"rendered":"https:\/\/beberapid.com\/?p=3363"},"modified":"2018-12-26T16:55:51","modified_gmt":"2018-12-26T16:55:51","slug":"melendi-y-su-nuevo-disco-ahora","status":"publish","type":"post","link":"https:\/\/beberapid.com\/en\/melendi-y-su-nuevo-disco-ahora\/","title":{"rendered":"Melendi y su nuevo disco, Ahora"},"content":{"rendered":"<p>Melendi present\u00f3 en marzo de 2018, su noveno \u00e1lbum de estudio, <strong><em>Ahora<\/em><\/strong>. Y del que, hasta la fecha, ha vendido m\u00e1s de 50.000 copias.<\/p>\n<p>Pero, no es para menos, ya que tras un gran 2017 en el que Melendi consigui\u00f3 afianzarse como uno de los cantautores m\u00e1s importantes tanto en Espa\u00f1a como en Am\u00e9rica gracias al \u00e9xito <em>Qu\u00edtate las gafas<\/em>. Su nuevo disco <strong><em>Ahora <\/em><\/strong>le ha hecho regresar a los escenarios por la puerta grande para comenzar su gira en agosto de 2018.<\/p>\n<p>Desde entonces, Melendi ha recorrido el mundo presentando su disco y por fin, ha llegado al WIZINK CENTER de Madrid. Este viernes 28 de diciembre, el gran artista asturiano, nos regala un sold out en la capital.<\/p>\n<p>Nada que se salga de lo habitual, y es que, Melendi es reconocido como una figura importante a nivel musical y un artista querido y admirado por su p\u00fablico. Y si a algo nos tiene acostumbrados, es a que sus temas se conviertan en grandes \u00e9xitos, y a que todo el mundo quiera disfrutarlos en vivo y en directo.<\/p>\n<p>Su nuevo disco <strong><em>Ahora<\/em><\/strong><em>, <\/em>nos ha dejado una joya con su nuevo tema <strong><em>\u201cEl Arrepentido\u201d <\/em><\/strong>en el que, junto con la colaboraci\u00f3n de <strong>Carlos Vives<\/strong> se ha posicionado como uno de los mejores temas en el pasado verano.<\/p>\n<p>Seguro que tambi\u00e9n os suena el tema en colaboraci\u00f3n con <strong>Alejandro Sanz \u00a0y Arkano <em>\u201cD\u00e9jala que baile<\/em>\u201d<\/strong> y es que, este exitazo es uno de los temas m\u00e1s destacados de \u201cAhora\u201d no solo por las grandes<\/p>\n<p>colaboraciones de Alejandro Sanz y Arkano, si no por el potente mensaje de su letra que rinde homenaje a todas las mujeres realzando su valor y reivindicando sus derechos.<\/p>\n<h3>Disco &#8220;Ahora&#8221;<\/h3>\n<p>Estas son las canciones de sus noveno \u00e1lbum, Ahora:<\/p>\n<ul>\n<li>M\u00edrame<\/li>\n<li>El arrepentido<\/li>\n<li>Lo que Nos merecemos<\/li>\n<li>Para que no se escapen tus mariposas<\/li>\n<li>Tiempos de Re-Evoluci\u00f3n<\/li>\n<li>D\u00e9jala que Baile<\/li>\n<li>Mi C\u00f3digo Postal<\/li>\n<li>Negro sin ti<\/li>\n<li>Habitantes de un mismo planeta<\/li>\n<li>Lo nuestro fue muy top<\/li>\n<li>Como el agua y el aceite\n<p><figure id=\"attachment_3364\" aria-describedby=\"caption-attachment-3364\" style=\"width: 300px\" class=\"wp-caption aligncenter\"><img decoding=\"async\" class=\"size-medium wp-image-3364\" src=\"http:\/\/beberapid.com\/wp-content\/uploads\/2018\/12\/Melendi-Volta-Principal-1521456651-300x164.jpg\" alt=\"Wizink center\" width=\"300\" height=\"164\" \/><figcaption id=\"caption-attachment-3364\" class=\"wp-caption-text\">Ahora &#8211; Melendi<\/figcaption><\/figure><\/li>\n<\/ul>\n","protected":false},"excerpt":{"rendered":"<p>Melendi present\u00f3 en marzo de 2018, su noveno \u00e1lbum de estudio, Ahora. Y del que, hasta la fecha, ha vendido m\u00e1s de 50.000 copias. Pero, no es para menos, ya que tras un gran 2017 en el que Melendi consigui\u00f3 afianzarse como uno de los cantautores m\u00e1s importantes tanto en Espa\u00f1a como en Am\u00e9rica gracias [&hellip;]<\/p>\n","protected":false},"author":4,"featured_media":3951,"comment_status":"open","ping_status":"open","sticky":false,"template":"","format":"standard","meta":{"_acf_changed":false,"footnotes":""},"categories":[52],"tags":[],"class_list":["post-3950","post","type-post","status-publish","format-standard","has-post-thumbnail","hentry","category-sin-categoria"],"acf":[],"yoast_head":"<!-- This site is optimized with the Yoast SEO plugin v23.4 - https:\/\/yoast.com\/wordpress\/plugins\/seo\/ -->\n<title>Melendi y su nuevo disco, Ahora - BEBERAPID<\/title>\n<meta name=\"description\" content=\"Su nuevo disco Ahora, nos ha dejado una joya con su nuevo tema \u201cEl Arrepentido\u201d en el que, junto con la colaboraci\u00f3n de Carlos Vives se ha posicionado como\" \/>\n<meta name=\"robots\" content=\"index, follow, max-snippet:-1, max-image-preview:large, max-video-preview:-1\" \/>\n<link rel=\"canonical\" href=\"https:\/\/beberapid.com\/en\/melendi-y-su-nuevo-disco-ahora\/\" \/>\n<meta property=\"og:locale\" content=\"en_US\" \/>\n<meta property=\"og:type\" content=\"article\" \/>\n<meta property=\"og:title\" content=\"Melendi y su nuevo disco, Ahora - BEBERAPID\" \/>\n<meta property=\"og:description\" content=\"Su nuevo disco Ahora, nos ha dejado una joya con su nuevo tema \u201cEl Arrepentido\u201d en el que, junto con la colaboraci\u00f3n de Carlos Vives se ha posicionado como\" \/>\n<meta property=\"og:url\" content=\"https:\/\/beberapid.com\/en\/melendi-y-su-nuevo-disco-ahora\/\" \/>\n<meta property=\"og:site_name\" content=\"BEBERAPID\" \/>\n<meta property=\"article:publisher\" content=\"https:\/\/www.facebook.com\/beberapid\/?ref=hl\" \/>\n<meta property=\"article:published_time\" content=\"2018-12-26T16:55:51+00:00\" \/>\n<meta property=\"og:image\" content=\"https:\/\/beberapid.com\/wp-content\/uploads\/2018\/12\/Melendi-Volta-Principal-1521456651.jpg\" \/>\n\t<meta property=\"og:image:width\" content=\"1280\" \/>\n\t<meta property=\"og:image:height\" content=\"700\" \/>\n\t<meta property=\"og:image:type\" content=\"image\/jpeg\" \/>\n<meta name=\"author\" content=\"administrador\" \/>\n<meta name=\"twitter:card\" content=\"summary_large_image\" \/>\n<meta name=\"twitter:creator\" content=\"@Beberapid\" \/>\n<meta name=\"twitter:site\" content=\"@Beberapid\" \/>\n<meta name=\"twitter:label1\" content=\"Written by\" \/>\n\t<meta name=\"twitter:data1\" content=\"administrador\" \/>\n\t<meta name=\"twitter:label2\" content=\"Est. reading time\" \/>\n\t<meta name=\"twitter:data2\" content=\"2 minutes\" \/>\n<script type=\"application\/ld+json\" class=\"yoast-schema-graph\">{\"@context\":\"https:\/\/schema.org\",\"@graph\":[{\"@type\":\"Article\",\"@id\":\"https:\/\/beberapid.com\/en\/melendi-y-su-nuevo-disco-ahora\/#article\",\"isPartOf\":{\"@id\":\"https:\/\/beberapid.com\/en\/melendi-y-su-nuevo-disco-ahora\/\"},\"author\":{\"name\":\"administrador\",\"@id\":\"http:\/\/beberapid.com\/en\/#\/schema\/person\/a1e1277d2ccde0e8085c5f168d15d416\"},\"headline\":\"Melendi y su nuevo disco, Ahora\",\"datePublished\":\"2018-12-26T16:55:51+00:00\",\"dateModified\":\"2018-12-26T16:55:51+00:00\",\"mainEntityOfPage\":{\"@id\":\"https:\/\/beberapid.com\/en\/melendi-y-su-nuevo-disco-ahora\/\"},\"wordCount\":361,\"commentCount\":0,\"publisher\":{\"@id\":\"http:\/\/beberapid.com\/en\/#organization\"},\"image\":{\"@id\":\"https:\/\/beberapid.com\/en\/melendi-y-su-nuevo-disco-ahora\/#primaryimage\"},\"thumbnailUrl\":\"https:\/\/beberapid.com\/wp-content\/uploads\/2018\/12\/Melendi-Volta-Principal-1521456651.jpg\",\"articleSection\":[\"Sin categor\u00eda\"],\"inLanguage\":\"en-US\",\"potentialAction\":[{\"@type\":\"CommentAction\",\"name\":\"Comment\",\"target\":[\"https:\/\/beberapid.com\/en\/melendi-y-su-nuevo-disco-ahora\/#respond\"]}]},{\"@type\":\"WebPage\",\"@id\":\"https:\/\/beberapid.com\/en\/melendi-y-su-nuevo-disco-ahora\/\",\"url\":\"https:\/\/beberapid.com\/en\/melendi-y-su-nuevo-disco-ahora\/\",\"name\":\"Melendi y su nuevo disco, Ahora - BEBERAPID\",\"isPartOf\":{\"@id\":\"http:\/\/beberapid.com\/en\/#website\"},\"primaryImageOfPage\":{\"@id\":\"https:\/\/beberapid.com\/en\/melendi-y-su-nuevo-disco-ahora\/#primaryimage\"},\"image\":{\"@id\":\"https:\/\/beberapid.com\/en\/melendi-y-su-nuevo-disco-ahora\/#primaryimage\"},\"thumbnailUrl\":\"https:\/\/beberapid.com\/wp-content\/uploads\/2018\/12\/Melendi-Volta-Principal-1521456651.jpg\",\"datePublished\":\"2018-12-26T16:55:51+00:00\",\"dateModified\":\"2018-12-26T16:55:51+00:00\",\"description\":\"Su nuevo disco Ahora, nos ha dejado una joya con su nuevo tema \u201cEl Arrepentido\u201d en el que, junto con la colaboraci\u00f3n de Carlos Vives se ha posicionado como\",\"breadcrumb\":{\"@id\":\"https:\/\/beberapid.com\/en\/melendi-y-su-nuevo-disco-ahora\/#breadcrumb\"},\"inLanguage\":\"en-US\",\"potentialAction\":[{\"@type\":\"ReadAction\",\"target\":[\"https:\/\/beberapid.com\/en\/melendi-y-su-nuevo-disco-ahora\/\"]}]},{\"@type\":\"ImageObject\",\"inLanguage\":\"en-US\",\"@id\":\"https:\/\/beberapid.com\/en\/melendi-y-su-nuevo-disco-ahora\/#primaryimage\",\"url\":\"https:\/\/beberapid.com\/wp-content\/uploads\/2018\/12\/Melendi-Volta-Principal-1521456651.jpg\",\"contentUrl\":\"https:\/\/beberapid.com\/wp-content\/uploads\/2018\/12\/Melendi-Volta-Principal-1521456651.jpg\",\"width\":1280,\"height\":700,\"caption\":\"Ahora - Melendi\"},{\"@type\":\"BreadcrumbList\",\"@id\":\"https:\/\/beberapid.com\/en\/melendi-y-su-nuevo-disco-ahora\/#breadcrumb\",\"itemListElement\":[{\"@type\":\"ListItem\",\"position\":1,\"name\":\"Portada\",\"item\":\"https:\/\/beberapid.com\/en\/\"},{\"@type\":\"ListItem\",\"position\":2,\"name\":\"Melendi y su nuevo disco, Ahora\"}]},{\"@type\":\"WebSite\",\"@id\":\"http:\/\/beberapid.com\/en\/#website\",\"url\":\"http:\/\/beberapid.com\/en\/\",\"name\":\"BEBERAPID\",\"description\":\"EN TU MOMENTO, EN TU LUGAR\",\"publisher\":{\"@id\":\"http:\/\/beberapid.com\/en\/#organization\"},\"potentialAction\":[{\"@type\":\"SearchAction\",\"target\":{\"@type\":\"EntryPoint\",\"urlTemplate\":\"http:\/\/beberapid.com\/en\/?s={search_term_string}\"},\"query-input\":{\"@type\":\"PropertyValueSpecification\",\"valueRequired\":true,\"valueName\":\"search_term_string\"}}],\"inLanguage\":\"en-US\"},{\"@type\":\"Organization\",\"@id\":\"http:\/\/beberapid.com\/en\/#organization\",\"name\":\"BEBERAPID\",\"url\":\"http:\/\/beberapid.com\/en\/\",\"logo\":{\"@type\":\"ImageObject\",\"inLanguage\":\"en-US\",\"@id\":\"http:\/\/beberapid.com\/en\/#\/schema\/logo\/image\/\",\"url\":\"http:\/\/beberapid.com\/wp-content\/uploads\/2024\/08\/Beberapid-Iso-.jpg\",\"contentUrl\":\"http:\/\/beberapid.com\/wp-content\/uploads\/2024\/08\/Beberapid-Iso-.jpg\",\"width\":675,\"height\":675,\"caption\":\"BEBERAPID\"},\"image\":{\"@id\":\"http:\/\/beberapid.com\/en\/#\/schema\/logo\/image\/\"},\"sameAs\":[\"https:\/\/www.facebook.com\/beberapid\/?ref=hl\",\"https:\/\/x.com\/Beberapid\",\"https:\/\/www.youtube.com\/user\/BEBERAPIDSYSTEMS\",\"https:\/\/www.instagram.com\/beberapid\/\"]},{\"@type\":\"Person\",\"@id\":\"http:\/\/beberapid.com\/en\/#\/schema\/person\/a1e1277d2ccde0e8085c5f168d15d416\",\"name\":\"administrador\",\"image\":{\"@type\":\"ImageObject\",\"inLanguage\":\"en-US\",\"@id\":\"http:\/\/beberapid.com\/en\/#\/schema\/person\/image\/\",\"url\":\"https:\/\/secure.gravatar.com\/avatar\/3a8098b1264fabf95d289a0ac99c25d22ee31fe664f9ea20295377fb7d4f1b62?s=96&d=mm&r=g\",\"contentUrl\":\"https:\/\/secure.gravatar.com\/avatar\/3a8098b1264fabf95d289a0ac99c25d22ee31fe664f9ea20295377fb7d4f1b62?s=96&d=mm&r=g\",\"caption\":\"administrador\"},\"url\":\"https:\/\/beberapid.com\/en\/author\/administrador\/\"}]}<\/script>\n<!-- \/ Yoast SEO plugin. -->","yoast_head_json":{"title":"Melendi y su nuevo disco, Ahora - BEBERAPID","description":"Su nuevo disco Ahora, nos ha dejado una joya con su nuevo tema \u201cEl Arrepentido\u201d en el que, junto con la colaboraci\u00f3n de Carlos Vives se ha posicionado como","robots":{"index":"index","follow":"follow","max-snippet":"max-snippet:-1","max-image-preview":"max-image-preview:large","max-video-preview":"max-video-preview:-1"},"canonical":"https:\/\/beberapid.com\/en\/melendi-y-su-nuevo-disco-ahora\/","og_locale":"en_US","og_type":"article","og_title":"Melendi y su nuevo disco, Ahora - BEBERAPID","og_description":"Su nuevo disco Ahora, nos ha dejado una joya con su nuevo tema \u201cEl Arrepentido\u201d en el que, junto con la colaboraci\u00f3n de Carlos Vives se ha posicionado como","og_url":"https:\/\/beberapid.com\/en\/melendi-y-su-nuevo-disco-ahora\/","og_site_name":"BEBERAPID","article_publisher":"https:\/\/www.facebook.com\/beberapid\/?ref=hl","article_published_time":"2018-12-26T16:55:51+00:00","og_image":[{"width":1280,"height":700,"url":"https:\/\/beberapid.com\/wp-content\/uploads\/2018\/12\/Melendi-Volta-Principal-1521456651.jpg","type":"image\/jpeg"}],"author":"administrador","twitter_card":"summary_large_image","twitter_creator":"@Beberapid","twitter_site":"@Beberapid","twitter_misc":{"Written by":"administrador","Est. reading time":"2 minutes"},"schema":{"@context":"https:\/\/schema.org","@graph":[{"@type":"Article","@id":"https:\/\/beberapid.com\/en\/melendi-y-su-nuevo-disco-ahora\/#article","isPartOf":{"@id":"https:\/\/beberapid.com\/en\/melendi-y-su-nuevo-disco-ahora\/"},"author":{"name":"administrador","@id":"http:\/\/beberapid.com\/en\/#\/schema\/person\/a1e1277d2ccde0e8085c5f168d15d416"},"headline":"Melendi y su nuevo disco, Ahora","datePublished":"2018-12-26T16:55:51+00:00","dateModified":"2018-12-26T16:55:51+00:00","mainEntityOfPage":{"@id":"https:\/\/beberapid.com\/en\/melendi-y-su-nuevo-disco-ahora\/"},"wordCount":361,"commentCount":0,"publisher":{"@id":"http:\/\/beberapid.com\/en\/#organization"},"image":{"@id":"https:\/\/beberapid.com\/en\/melendi-y-su-nuevo-disco-ahora\/#primaryimage"},"thumbnailUrl":"https:\/\/beberapid.com\/wp-content\/uploads\/2018\/12\/Melendi-Volta-Principal-1521456651.jpg","articleSection":["Sin categor\u00eda"],"inLanguage":"en-US","potentialAction":[{"@type":"CommentAction","name":"Comment","target":["https:\/\/beberapid.com\/en\/melendi-y-su-nuevo-disco-ahora\/#respond"]}]},{"@type":"WebPage","@id":"https:\/\/beberapid.com\/en\/melendi-y-su-nuevo-disco-ahora\/","url":"https:\/\/beberapid.com\/en\/melendi-y-su-nuevo-disco-ahora\/","name":"Melendi y su nuevo disco, Ahora - BEBERAPID","isPartOf":{"@id":"http:\/\/beberapid.com\/en\/#website"},"primaryImageOfPage":{"@id":"https:\/\/beberapid.com\/en\/melendi-y-su-nuevo-disco-ahora\/#primaryimage"},"image":{"@id":"https:\/\/beberapid.com\/en\/melendi-y-su-nuevo-disco-ahora\/#primaryimage"},"thumbnailUrl":"https:\/\/beberapid.com\/wp-content\/uploads\/2018\/12\/Melendi-Volta-Principal-1521456651.jpg","datePublished":"2018-12-26T16:55:51+00:00","dateModified":"2018-12-26T16:55:51+00:00","description":"Su nuevo disco Ahora, nos ha dejado una joya con su nuevo tema \u201cEl Arrepentido\u201d en el que, junto con la colaboraci\u00f3n de Carlos Vives se ha posicionado como","breadcrumb":{"@id":"https:\/\/beberapid.com\/en\/melendi-y-su-nuevo-disco-ahora\/#breadcrumb"},"inLanguage":"en-US","potentialAction":[{"@type":"ReadAction","target":["https:\/\/beberapid.com\/en\/melendi-y-su-nuevo-disco-ahora\/"]}]},{"@type":"ImageObject","inLanguage":"en-US","@id":"https:\/\/beberapid.com\/en\/melendi-y-su-nuevo-disco-ahora\/#primaryimage","url":"https:\/\/beberapid.com\/wp-content\/uploads\/2018\/12\/Melendi-Volta-Principal-1521456651.jpg","contentUrl":"https:\/\/beberapid.com\/wp-content\/uploads\/2018\/12\/Melendi-Volta-Principal-1521456651.jpg","width":1280,"height":700,"caption":"Ahora - Melendi"},{"@type":"BreadcrumbList","@id":"https:\/\/beberapid.com\/en\/melendi-y-su-nuevo-disco-ahora\/#breadcrumb","itemListElement":[{"@type":"ListItem","position":1,"name":"Portada","item":"https:\/\/beberapid.com\/en\/"},{"@type":"ListItem","position":2,"name":"Melendi y su nuevo disco, Ahora"}]},{"@type":"WebSite","@id":"http:\/\/beberapid.com\/en\/#website","url":"http:\/\/beberapid.com\/en\/","name":"BEBERAPID","description":"EN TU MOMENTO, EN TU LUGAR","publisher":{"@id":"http:\/\/beberapid.com\/en\/#organization"},"potentialAction":[{"@type":"SearchAction","target":{"@type":"EntryPoint","urlTemplate":"http:\/\/beberapid.com\/en\/?s={search_term_string}"},"query-input":{"@type":"PropertyValueSpecification","valueRequired":true,"valueName":"search_term_string"}}],"inLanguage":"en-US"},{"@type":"Organization","@id":"http:\/\/beberapid.com\/en\/#organization","name":"BEBERAPID","url":"http:\/\/beberapid.com\/en\/","logo":{"@type":"ImageObject","inLanguage":"en-US","@id":"http:\/\/beberapid.com\/en\/#\/schema\/logo\/image\/","url":"http:\/\/beberapid.com\/wp-content\/uploads\/2024\/08\/Beberapid-Iso-.jpg","contentUrl":"http:\/\/beberapid.com\/wp-content\/uploads\/2024\/08\/Beberapid-Iso-.jpg","width":675,"height":675,"caption":"BEBERAPID"},"image":{"@id":"http:\/\/beberapid.com\/en\/#\/schema\/logo\/image\/"},"sameAs":["https:\/\/www.facebook.com\/beberapid\/?ref=hl","https:\/\/x.com\/Beberapid","https:\/\/www.youtube.com\/user\/BEBERAPIDSYSTEMS","https:\/\/www.instagram.com\/beberapid\/"]},{"@type":"Person","@id":"http:\/\/beberapid.com\/en\/#\/schema\/person\/a1e1277d2ccde0e8085c5f168d15d416","name":"administrador","image":{"@type":"ImageObject","inLanguage":"en-US","@id":"http:\/\/beberapid.com\/en\/#\/schema\/person\/image\/","url":"https:\/\/secure.gravatar.com\/avatar\/3a8098b1264fabf95d289a0ac99c25d22ee31fe664f9ea20295377fb7d4f1b62?s=96&d=mm&r=g","contentUrl":"https:\/\/secure.gravatar.com\/avatar\/3a8098b1264fabf95d289a0ac99c25d22ee31fe664f9ea20295377fb7d4f1b62?s=96&d=mm&r=g","caption":"administrador"},"url":"https:\/\/beberapid.com\/en\/author\/administrador\/"}]}},"_links":{"self":[{"href":"https:\/\/beberapid.com\/en\/wp-json\/wp\/v2\/posts\/3950","targetHints":{"allow":["GET"]}}],"collection":[{"href":"https:\/\/beberapid.com\/en\/wp-json\/wp\/v2\/posts"}],"about":[{"href":"https:\/\/beberapid.com\/en\/wp-json\/wp\/v2\/types\/post"}],"author":[{"embeddable":true,"href":"https:\/\/beberapid.com\/en\/wp-json\/wp\/v2\/users\/4"}],"replies":[{"embeddable":true,"href":"https:\/\/beberapid.com\/en\/wp-json\/wp\/v2\/comments?post=3950"}],"version-history":[{"count":0,"href":"https:\/\/beberapid.com\/en\/wp-json\/wp\/v2\/posts\/3950\/revisions"}],"wp:featuredmedia":[{"embeddable":true,"href":"https:\/\/beberapid.com\/en\/wp-json\/wp\/v2\/media\/3951"}],"wp:attachment":[{"href":"https:\/\/beberapid.com\/en\/wp-json\/wp\/v2\/media?parent=3950"}],"wp:term":[{"taxonomy":"category","embeddable":true,"href":"https:\/\/beberapid.com\/en\/wp-json\/wp\/v2\/categories?post=3950"},{"taxonomy":"post_tag","embeddable":true,"href":"https:\/\/beberapid.com\/en\/wp-json\/wp\/v2\/tags?post=3950"}],"curies":[{"name":"wp","href":"https:\/\/api.w.org\/{rel}","templated":true}]}}