{"id":3953,"date":"2018-12-10T14:04:03","date_gmt":"2018-12-10T14:04:03","guid":{"rendered":"https:\/\/beberapid.com\/?p=3355"},"modified":"2018-12-10T14:04:03","modified_gmt":"2018-12-10T14:04:03","slug":"locos-por-la-musica-wizink-center","status":"publish","type":"post","link":"https:\/\/beberapid.com\/en\/locos-por-la-musica-wizink-center\/","title":{"rendered":"El festival Locos Por la M\u00fasica aterriza en Madrid."},"content":{"rendered":"<p>El pasado viernes 7 de Diciembre, se celebr\u00f3 en el <strong>WIZINK Center<\/strong> de Madrid, la nueva edici\u00f3n del festival Locos Por la M\u00fasica. Un festival de m\u00fasica pop organizado por<strong> Kiss FM.<\/strong><\/p>\n<p>Este a\u00f1o, una parte de la recaudaci\u00f3n ha ido destinada a la <a href=\"https:\/\/www.fundacionemiliosanchezv.org\/\"><strong>Fundaci\u00f3n Emilio S\u00e1nchez Vicario<\/strong><\/a> con fines ben\u00e9ficos.<\/p>\n<p>Locos por la m\u00fasica es el festival de referencia de la m\u00fasica pop en espa\u00f1ol. Su historia dio un giro radical en 2016. Cuando tras varios a\u00f1os celebrando festivales por toda Espa\u00f1a, da el paso a los grandes recintos con una primera edici\u00f3n en el Palacio de los Deportes de Madrid con m\u00e1s de 12.000 personas. La edici\u00f3n 2017 no fue para menos, Wizink Center confirm\u00f3 16.000 espectadores en el concierto. Y ahora, el 7 de diciembre de 2018 regresa a Madrid para hacernos retroceder a los a\u00f1os 80 y 90.<\/p>\n<p>Locos por la m\u00fasica es un festival donde siempre hay hueco para las bandas m\u00e1s m\u00edticas de nuestro pa\u00eds y para las canciones que han marcado tu vida. Sin ir m\u00e1s lejos, este a\u00f1o, el cartel ha estado encabezado por grandes artistas como<\/p>\n<ul>\n<li><em><strong>Celtas Cortos<\/strong><\/em> fueron los encargados de abrir el festival y hacer cantar al p\u00fablico con sus cl\u00e1sicos como &#8220;Tranquilo majete&#8221; y &#8220;20 de abril&#8221;<\/li>\n<li><em><strong>Caf\u00e9 Quijano,<\/strong><\/em> no tuvimos que esperar mucho a verlos sobre el escenario, ni tampoco en escuchar &#8220;La lola&#8221;<\/li>\n<li><em><strong>Los secretos<\/strong><\/em> fue uno de los artistas m\u00e1s esperados en el festival, sus camisetas ganaban entre el p\u00fablico<\/li>\n<li><em><strong>Marta S\u00e1nchez<\/strong><\/em>, que nos ofreci\u00f3 mucho de sus cl\u00e1sicos, y alg\u00fan tema nuevo como &#8220;Ahora mando yo&#8221;<\/li>\n<li><em><strong>Modestia aparte\u00a0<\/strong><\/em>nos ilumin\u00f3 e hizo disfrutar con sus grandes cl\u00e1sicos como &#8220;Pasi\u00f3n&#8221; o &#8220;Cosas de la edad&#8221;<\/li>\n<li><em><strong>La Uni\u00f3n<\/strong><\/em> poco m\u00e1s que decir que estuvieron geniales con sus \u00e9xitos como &#8220;Maracaibo&#8221; y &#8220;Vuelve el amor&#8221;<\/li>\n<li><em><strong>Mikel Erentxun<\/strong><\/em>, interpret\u00f3 canciones como &#8220;Cien Gaviotas&#8221; y &#8220;En alg\u00fan lugar&#8221; aunque nos dej\u00f3 con ganas de escuchar alg\u00fan que otro exitazo como &#8220;Duncan Dhu&#8221;<\/li>\n<li><em><strong>Guaran\u00e1\u00a0<\/strong><\/em>interpret\u00f3 &#8220;La casa de In\u00e9s&#8221;<\/li>\n<li><strong><em>Los toreros muertos<\/em><\/strong>, que por falta de tiempo nos deleitaron con dos de sus grandes temas.<\/li>\n<\/ul>\n<p>Entre los anteriormente nombrados, y muchos m\u00e1s de tus artistas favoritos, fueron los encargados de dar un total de cinco horas de festival, en los que en todo momento hubo diversi\u00f3n.<\/p>\n<p>Y no solo este 2018 ha sido impresionante, en a\u00f1os atr\u00e1s, grandes artistas del Pop han estado en los escenarios de Locos Por la M\u00fasica.<\/p>\n<p>Si te los has perdido, lo mejor es que, \u00a1Su gira no acaba aqu\u00ed! El festival organizado por Kiss FM seguir\u00e1 actuando en escenarios como:<\/p>\n<ul>\n<li>Sevilla, 6 de Abril, Auditorio Roc\u00edo Jurado<\/li>\n<li>Granada, 17 de Mayo, Plaza de Toros<\/li>\n<li>Alicante, 18 de Mayo, Plaza de toros<\/li>\n<li>Algeciras, 6 de Julio, Plaza de toros<\/li>\n<li>\u00a1Y muchas otros ciudades que os esperan!<\/li>\n<\/ul>\n<p><img fetchpriority=\"high\" decoding=\"async\" class=\"size-medium wp-image-3357 aligncenter\" src=\"http:\/\/beberapid.com\/wp-content\/uploads\/2018\/12\/thumbnail_large-2-1-300x200.jpg\" alt=\"Locos Por la M\u00fasica\" width=\"300\" height=\"200\" \/><\/p>\n","protected":false},"excerpt":{"rendered":"<p>El pasado viernes 7 de Diciembre, se celebr\u00f3 en el WIZINK Center de Madrid, la nueva edici\u00f3n del festival Locos Por la M\u00fasica. Un festival de m\u00fasica pop organizado por Kiss FM. Este a\u00f1o, una parte de la recaudaci\u00f3n ha ido destinada a la Fundaci\u00f3n Emilio S\u00e1nchez Vicario con fines ben\u00e9ficos. Locos por la m\u00fasica [&hellip;]<\/p>\n","protected":false},"author":4,"featured_media":3955,"comment_status":"open","ping_status":"open","sticky":false,"template":"","format":"standard","meta":{"_acf_changed":false,"footnotes":""},"categories":[52],"tags":[],"class_list":["post-3953","post","type-post","status-publish","format-standard","has-post-thumbnail","hentry","category-sin-categoria"],"acf":[],"yoast_head":"<!-- This site is optimized with the Yoast SEO plugin v23.4 - https:\/\/yoast.com\/wordpress\/plugins\/seo\/ -->\n<title>El festival Locos Por la M\u00fasica aterriza en Madrid. - BEBERAPID<\/title>\n<meta name=\"description\" content=\"Locos por la m\u00fasica es un festival donde siempre hay hueco para las bandas m\u00e1s m\u00edticas de nuestro pa\u00eds y para las canciones que han marcado tu vida.\" \/>\n<meta name=\"robots\" content=\"index, follow, max-snippet:-1, max-image-preview:large, max-video-preview:-1\" \/>\n<link rel=\"canonical\" href=\"https:\/\/beberapid.com\/en\/locos-por-la-musica-wizink-center\/\" \/>\n<meta property=\"og:locale\" content=\"en_US\" \/>\n<meta property=\"og:type\" content=\"article\" \/>\n<meta property=\"og:title\" content=\"El festival Locos Por la M\u00fasica aterriza en Madrid. - BEBERAPID\" \/>\n<meta property=\"og:description\" content=\"Locos por la m\u00fasica es un festival donde siempre hay hueco para las bandas m\u00e1s m\u00edticas de nuestro pa\u00eds y para las canciones que han marcado tu vida.\" \/>\n<meta property=\"og:url\" content=\"https:\/\/beberapid.com\/en\/locos-por-la-musica-wizink-center\/\" \/>\n<meta property=\"og:site_name\" content=\"BEBERAPID\" \/>\n<meta property=\"article:publisher\" content=\"https:\/\/www.facebook.com\/beberapid\/?ref=hl\" \/>\n<meta property=\"article:published_time\" content=\"2018-12-10T14:04:03+00:00\" \/>\n<meta property=\"og:image\" content=\"https:\/\/beberapid.com\/wp-content\/uploads\/2018\/12\/thumbnail_large-2.jpg\" \/>\n\t<meta property=\"og:image:width\" content=\"550\" \/>\n\t<meta property=\"og:image:height\" content=\"367\" \/>\n\t<meta property=\"og:image:type\" content=\"image\/jpeg\" \/>\n<meta name=\"author\" content=\"administrador\" \/>\n<meta name=\"twitter:card\" content=\"summary_large_image\" \/>\n<meta name=\"twitter:creator\" content=\"@Beberapid\" \/>\n<meta name=\"twitter:site\" content=\"@Beberapid\" \/>\n<meta name=\"twitter:label1\" content=\"Written by\" \/>\n\t<meta name=\"twitter:data1\" content=\"administrador\" \/>\n\t<meta name=\"twitter:label2\" content=\"Est. reading time\" \/>\n\t<meta name=\"twitter:data2\" content=\"2 minutes\" \/>\n<script type=\"application\/ld+json\" class=\"yoast-schema-graph\">{\"@context\":\"https:\/\/schema.org\",\"@graph\":[{\"@type\":\"Article\",\"@id\":\"https:\/\/beberapid.com\/en\/locos-por-la-musica-wizink-center\/#article\",\"isPartOf\":{\"@id\":\"https:\/\/beberapid.com\/en\/locos-por-la-musica-wizink-center\/\"},\"author\":{\"name\":\"administrador\",\"@id\":\"http:\/\/beberapid.com\/en\/#\/schema\/person\/a1e1277d2ccde0e8085c5f168d15d416\"},\"headline\":\"El festival Locos Por la M\u00fasica aterriza en Madrid.\",\"datePublished\":\"2018-12-10T14:04:03+00:00\",\"dateModified\":\"2018-12-10T14:04:03+00:00\",\"mainEntityOfPage\":{\"@id\":\"https:\/\/beberapid.com\/en\/locos-por-la-musica-wizink-center\/\"},\"wordCount\":499,\"commentCount\":0,\"publisher\":{\"@id\":\"http:\/\/beberapid.com\/en\/#organization\"},\"image\":{\"@id\":\"https:\/\/beberapid.com\/en\/locos-por-la-musica-wizink-center\/#primaryimage\"},\"thumbnailUrl\":\"https:\/\/beberapid.com\/wp-content\/uploads\/2018\/12\/thumbnail_large-2.jpg\",\"articleSection\":[\"Sin categor\u00eda\"],\"inLanguage\":\"en-US\",\"potentialAction\":[{\"@type\":\"CommentAction\",\"name\":\"Comment\",\"target\":[\"https:\/\/beberapid.com\/en\/locos-por-la-musica-wizink-center\/#respond\"]}]},{\"@type\":\"WebPage\",\"@id\":\"https:\/\/beberapid.com\/en\/locos-por-la-musica-wizink-center\/\",\"url\":\"https:\/\/beberapid.com\/en\/locos-por-la-musica-wizink-center\/\",\"name\":\"El festival Locos Por la M\u00fasica aterriza en Madrid. - BEBERAPID\",\"isPartOf\":{\"@id\":\"http:\/\/beberapid.com\/en\/#website\"},\"primaryImageOfPage\":{\"@id\":\"https:\/\/beberapid.com\/en\/locos-por-la-musica-wizink-center\/#primaryimage\"},\"image\":{\"@id\":\"https:\/\/beberapid.com\/en\/locos-por-la-musica-wizink-center\/#primaryimage\"},\"thumbnailUrl\":\"https:\/\/beberapid.com\/wp-content\/uploads\/2018\/12\/thumbnail_large-2.jpg\",\"datePublished\":\"2018-12-10T14:04:03+00:00\",\"dateModified\":\"2018-12-10T14:04:03+00:00\",\"description\":\"Locos por la m\u00fasica es un festival donde siempre hay hueco para las bandas m\u00e1s m\u00edticas de nuestro pa\u00eds y para las canciones que han marcado tu vida.\",\"breadcrumb\":{\"@id\":\"https:\/\/beberapid.com\/en\/locos-por-la-musica-wizink-center\/#breadcrumb\"},\"inLanguage\":\"en-US\",\"potentialAction\":[{\"@type\":\"ReadAction\",\"target\":[\"https:\/\/beberapid.com\/en\/locos-por-la-musica-wizink-center\/\"]}]},{\"@type\":\"ImageObject\",\"inLanguage\":\"en-US\",\"@id\":\"https:\/\/beberapid.com\/en\/locos-por-la-musica-wizink-center\/#primaryimage\",\"url\":\"https:\/\/beberapid.com\/wp-content\/uploads\/2018\/12\/thumbnail_large-2.jpg\",\"contentUrl\":\"https:\/\/beberapid.com\/wp-content\/uploads\/2018\/12\/thumbnail_large-2.jpg\",\"width\":550,\"height\":367},{\"@type\":\"BreadcrumbList\",\"@id\":\"https:\/\/beberapid.com\/en\/locos-por-la-musica-wizink-center\/#breadcrumb\",\"itemListElement\":[{\"@type\":\"ListItem\",\"position\":1,\"name\":\"Portada\",\"item\":\"https:\/\/beberapid.com\/en\/\"},{\"@type\":\"ListItem\",\"position\":2,\"name\":\"El festival Locos Por la M\u00fasica aterriza en Madrid.\"}]},{\"@type\":\"WebSite\",\"@id\":\"http:\/\/beberapid.com\/en\/#website\",\"url\":\"http:\/\/beberapid.com\/en\/\",\"name\":\"BEBERAPID\",\"description\":\"EN TU MOMENTO, EN TU LUGAR\",\"publisher\":{\"@id\":\"http:\/\/beberapid.com\/en\/#organization\"},\"potentialAction\":[{\"@type\":\"SearchAction\",\"target\":{\"@type\":\"EntryPoint\",\"urlTemplate\":\"http:\/\/beberapid.com\/en\/?s={search_term_string}\"},\"query-input\":{\"@type\":\"PropertyValueSpecification\",\"valueRequired\":true,\"valueName\":\"search_term_string\"}}],\"inLanguage\":\"en-US\"},{\"@type\":\"Organization\",\"@id\":\"http:\/\/beberapid.com\/en\/#organization\",\"name\":\"BEBERAPID\",\"url\":\"http:\/\/beberapid.com\/en\/\",\"logo\":{\"@type\":\"ImageObject\",\"inLanguage\":\"en-US\",\"@id\":\"http:\/\/beberapid.com\/en\/#\/schema\/logo\/image\/\",\"url\":\"http:\/\/beberapid.com\/wp-content\/uploads\/2024\/08\/Beberapid-Iso-.jpg\",\"contentUrl\":\"http:\/\/beberapid.com\/wp-content\/uploads\/2024\/08\/Beberapid-Iso-.jpg\",\"width\":675,\"height\":675,\"caption\":\"BEBERAPID\"},\"image\":{\"@id\":\"http:\/\/beberapid.com\/en\/#\/schema\/logo\/image\/\"},\"sameAs\":[\"https:\/\/www.facebook.com\/beberapid\/?ref=hl\",\"https:\/\/x.com\/Beberapid\",\"https:\/\/www.youtube.com\/user\/BEBERAPIDSYSTEMS\",\"https:\/\/www.instagram.com\/beberapid\/\"]},{\"@type\":\"Person\",\"@id\":\"http:\/\/beberapid.com\/en\/#\/schema\/person\/a1e1277d2ccde0e8085c5f168d15d416\",\"name\":\"administrador\",\"image\":{\"@type\":\"ImageObject\",\"inLanguage\":\"en-US\",\"@id\":\"http:\/\/beberapid.com\/en\/#\/schema\/person\/image\/\",\"url\":\"https:\/\/secure.gravatar.com\/avatar\/3a8098b1264fabf95d289a0ac99c25d22ee31fe664f9ea20295377fb7d4f1b62?s=96&d=mm&r=g\",\"contentUrl\":\"https:\/\/secure.gravatar.com\/avatar\/3a8098b1264fabf95d289a0ac99c25d22ee31fe664f9ea20295377fb7d4f1b62?s=96&d=mm&r=g\",\"caption\":\"administrador\"},\"url\":\"https:\/\/beberapid.com\/en\/author\/administrador\/\"}]}<\/script>\n<!-- \/ Yoast SEO plugin. -->","yoast_head_json":{"title":"El festival Locos Por la M\u00fasica aterriza en Madrid. - BEBERAPID","description":"Locos por la m\u00fasica es un festival donde siempre hay hueco para las bandas m\u00e1s m\u00edticas de nuestro pa\u00eds y para las canciones que han marcado tu vida.","robots":{"index":"index","follow":"follow","max-snippet":"max-snippet:-1","max-image-preview":"max-image-preview:large","max-video-preview":"max-video-preview:-1"},"canonical":"https:\/\/beberapid.com\/en\/locos-por-la-musica-wizink-center\/","og_locale":"en_US","og_type":"article","og_title":"El festival Locos Por la M\u00fasica aterriza en Madrid. - BEBERAPID","og_description":"Locos por la m\u00fasica es un festival donde siempre hay hueco para las bandas m\u00e1s m\u00edticas de nuestro pa\u00eds y para las canciones que han marcado tu vida.","og_url":"https:\/\/beberapid.com\/en\/locos-por-la-musica-wizink-center\/","og_site_name":"BEBERAPID","article_publisher":"https:\/\/www.facebook.com\/beberapid\/?ref=hl","article_published_time":"2018-12-10T14:04:03+00:00","og_image":[{"width":550,"height":367,"url":"https:\/\/beberapid.com\/wp-content\/uploads\/2018\/12\/thumbnail_large-2.jpg","type":"image\/jpeg"}],"author":"administrador","twitter_card":"summary_large_image","twitter_creator":"@Beberapid","twitter_site":"@Beberapid","twitter_misc":{"Written by":"administrador","Est. reading time":"2 minutes"},"schema":{"@context":"https:\/\/schema.org","@graph":[{"@type":"Article","@id":"https:\/\/beberapid.com\/en\/locos-por-la-musica-wizink-center\/#article","isPartOf":{"@id":"https:\/\/beberapid.com\/en\/locos-por-la-musica-wizink-center\/"},"author":{"name":"administrador","@id":"http:\/\/beberapid.com\/en\/#\/schema\/person\/a1e1277d2ccde0e8085c5f168d15d416"},"headline":"El festival Locos Por la M\u00fasica aterriza en Madrid.","datePublished":"2018-12-10T14:04:03+00:00","dateModified":"2018-12-10T14:04:03+00:00","mainEntityOfPage":{"@id":"https:\/\/beberapid.com\/en\/locos-por-la-musica-wizink-center\/"},"wordCount":499,"commentCount":0,"publisher":{"@id":"http:\/\/beberapid.com\/en\/#organization"},"image":{"@id":"https:\/\/beberapid.com\/en\/locos-por-la-musica-wizink-center\/#primaryimage"},"thumbnailUrl":"https:\/\/beberapid.com\/wp-content\/uploads\/2018\/12\/thumbnail_large-2.jpg","articleSection":["Sin categor\u00eda"],"inLanguage":"en-US","potentialAction":[{"@type":"CommentAction","name":"Comment","target":["https:\/\/beberapid.com\/en\/locos-por-la-musica-wizink-center\/#respond"]}]},{"@type":"WebPage","@id":"https:\/\/beberapid.com\/en\/locos-por-la-musica-wizink-center\/","url":"https:\/\/beberapid.com\/en\/locos-por-la-musica-wizink-center\/","name":"El festival Locos Por la M\u00fasica aterriza en Madrid. - BEBERAPID","isPartOf":{"@id":"http:\/\/beberapid.com\/en\/#website"},"primaryImageOfPage":{"@id":"https:\/\/beberapid.com\/en\/locos-por-la-musica-wizink-center\/#primaryimage"},"image":{"@id":"https:\/\/beberapid.com\/en\/locos-por-la-musica-wizink-center\/#primaryimage"},"thumbnailUrl":"https:\/\/beberapid.com\/wp-content\/uploads\/2018\/12\/thumbnail_large-2.jpg","datePublished":"2018-12-10T14:04:03+00:00","dateModified":"2018-12-10T14:04:03+00:00","description":"Locos por la m\u00fasica es un festival donde siempre hay hueco para las bandas m\u00e1s m\u00edticas de nuestro pa\u00eds y para las canciones que han marcado tu vida.","breadcrumb":{"@id":"https:\/\/beberapid.com\/en\/locos-por-la-musica-wizink-center\/#breadcrumb"},"inLanguage":"en-US","potentialAction":[{"@type":"ReadAction","target":["https:\/\/beberapid.com\/en\/locos-por-la-musica-wizink-center\/"]}]},{"@type":"ImageObject","inLanguage":"en-US","@id":"https:\/\/beberapid.com\/en\/locos-por-la-musica-wizink-center\/#primaryimage","url":"https:\/\/beberapid.com\/wp-content\/uploads\/2018\/12\/thumbnail_large-2.jpg","contentUrl":"https:\/\/beberapid.com\/wp-content\/uploads\/2018\/12\/thumbnail_large-2.jpg","width":550,"height":367},{"@type":"BreadcrumbList","@id":"https:\/\/beberapid.com\/en\/locos-por-la-musica-wizink-center\/#breadcrumb","itemListElement":[{"@type":"ListItem","position":1,"name":"Portada","item":"https:\/\/beberapid.com\/en\/"},{"@type":"ListItem","position":2,"name":"El festival Locos Por la M\u00fasica aterriza en Madrid."}]},{"@type":"WebSite","@id":"http:\/\/beberapid.com\/en\/#website","url":"http:\/\/beberapid.com\/en\/","name":"BEBERAPID","description":"EN TU MOMENTO, EN TU LUGAR","publisher":{"@id":"http:\/\/beberapid.com\/en\/#organization"},"potentialAction":[{"@type":"SearchAction","target":{"@type":"EntryPoint","urlTemplate":"http:\/\/beberapid.com\/en\/?s={search_term_string}"},"query-input":{"@type":"PropertyValueSpecification","valueRequired":true,"valueName":"search_term_string"}}],"inLanguage":"en-US"},{"@type":"Organization","@id":"http:\/\/beberapid.com\/en\/#organization","name":"BEBERAPID","url":"http:\/\/beberapid.com\/en\/","logo":{"@type":"ImageObject","inLanguage":"en-US","@id":"http:\/\/beberapid.com\/en\/#\/schema\/logo\/image\/","url":"http:\/\/beberapid.com\/wp-content\/uploads\/2024\/08\/Beberapid-Iso-.jpg","contentUrl":"http:\/\/beberapid.com\/wp-content\/uploads\/2024\/08\/Beberapid-Iso-.jpg","width":675,"height":675,"caption":"BEBERAPID"},"image":{"@id":"http:\/\/beberapid.com\/en\/#\/schema\/logo\/image\/"},"sameAs":["https:\/\/www.facebook.com\/beberapid\/?ref=hl","https:\/\/x.com\/Beberapid","https:\/\/www.youtube.com\/user\/BEBERAPIDSYSTEMS","https:\/\/www.instagram.com\/beberapid\/"]},{"@type":"Person","@id":"http:\/\/beberapid.com\/en\/#\/schema\/person\/a1e1277d2ccde0e8085c5f168d15d416","name":"administrador","image":{"@type":"ImageObject","inLanguage":"en-US","@id":"http:\/\/beberapid.com\/en\/#\/schema\/person\/image\/","url":"https:\/\/secure.gravatar.com\/avatar\/3a8098b1264fabf95d289a0ac99c25d22ee31fe664f9ea20295377fb7d4f1b62?s=96&d=mm&r=g","contentUrl":"https:\/\/secure.gravatar.com\/avatar\/3a8098b1264fabf95d289a0ac99c25d22ee31fe664f9ea20295377fb7d4f1b62?s=96&d=mm&r=g","caption":"administrador"},"url":"https:\/\/beberapid.com\/en\/author\/administrador\/"}]}},"_links":{"self":[{"href":"https:\/\/beberapid.com\/en\/wp-json\/wp\/v2\/posts\/3953","targetHints":{"allow":["GET"]}}],"collection":[{"href":"https:\/\/beberapid.com\/en\/wp-json\/wp\/v2\/posts"}],"about":[{"href":"https:\/\/beberapid.com\/en\/wp-json\/wp\/v2\/types\/post"}],"author":[{"embeddable":true,"href":"https:\/\/beberapid.com\/en\/wp-json\/wp\/v2\/users\/4"}],"replies":[{"embeddable":true,"href":"https:\/\/beberapid.com\/en\/wp-json\/wp\/v2\/comments?post=3953"}],"version-history":[{"count":0,"href":"https:\/\/beberapid.com\/en\/wp-json\/wp\/v2\/posts\/3953\/revisions"}],"wp:featuredmedia":[{"embeddable":true,"href":"https:\/\/beberapid.com\/en\/wp-json\/wp\/v2\/media\/3955"}],"wp:attachment":[{"href":"https:\/\/beberapid.com\/en\/wp-json\/wp\/v2\/media?parent=3953"}],"wp:term":[{"taxonomy":"category","embeddable":true,"href":"https:\/\/beberapid.com\/en\/wp-json\/wp\/v2\/categories?post=3953"},{"taxonomy":"post_tag","embeddable":true,"href":"https:\/\/beberapid.com\/en\/wp-json\/wp\/v2\/tags?post=3953"}],"curies":[{"name":"wp","href":"https:\/\/api.w.org\/{rel}","templated":true}]}}